{"id":7769,"date":"2026-07-09T09:59:40","date_gmt":"2026-07-09T07:59:40","guid":{"rendered":"https:\/\/www.jardinesdealfabia.com\/elle-decor-destaca-los-jardines-de-alfabia-como-el-rincon-favorito-de-la-reina-letizia-en-mallorca\/"},"modified":"2026-08-26T10:55:29","modified_gmt":"2026-08-26T08:55:29","slug":"elle-decor-es-jardins-d-alfabia-reina-letizia","status":"publish","type":"post","link":"https:\/\/www.jardinesdealfabia.com\/ma\/elle-decor-es-jardins-d-alfabia-reina-letizia\/","title":{"rendered":"ELLE Decor destaca es Jardins d&#8217;Alf\u00e0bia com \u00abel rac\u00f3 favorit de sa reina Let\u00edcia\u00bb a Mallorca"},"content":{"rendered":"<p>Sa revista ELLE Decor ha dedicat un reportatge als Jardins d&#8217;Alf\u00e0bia, a Bunyola, assenyalant-los com un dels jardins hist\u00f2rics m\u00e9s importants i desconeguts de Mallorca. Sa publicaci\u00f3 posa en valor es m\u00e9s de vuit segles d&#8217;hist\u00f2ria de sa finca, es seu llegat isl\u00e0mic i sa seva extraordin\u00e0ria riquesa bot\u00e0nica, amb elements \u00fanics com sa p\u00e8rgola de jocs d&#8217;aigua o el jard\u00ed tropical amb es seu estany de nen\u00fafars.<\/p>\n<p>S&#8217;article recorda a m\u00e9s es vincle hist\u00f2ric d&#8217;Alf\u00e0bia amb sa Casa Reial: ja el 1860 sa reina Isabel II va visitar sa finca, donant nom al conegut \u00abJardinet de sa Reina\u00bb, i a s&#8217;estiu de 2023 Felip VI, sa reina Let\u00edcia, sa princesa Elionor i s&#8217;infanta Sofia la van triar per a sa seva tradicional posada estival durant ses vacances reials a s&#8217;illa.<\/p>\n<p>Un reconeixement que mos omple d&#8217;orgull i que reafirma es Jardins d&#8217;Alf\u00e0bia com un dels grans tresors patrimonials i bot\u00e0nics de Mallorca. Pots llegir es reportatge complet aqu\u00ed:<\/p>\n<p><em>Consulta s&#8217;article complet aqu\u00ed:<\/em> <strong><em><a href=\"https:\/\/www.elledecor.com\/es\/decoracion\/a71832525\/jardines-alfabia-mallorca\/\" target=\"_new\" rel=\"noopener\">Enlla\u00e7 a sa publicaci\u00f3<\/a><\/em><\/strong><\/p>\n","protected":false},"excerpt":{"rendered":"<p>Sa revista ELLE Decor ha dedicat un reportatge als Jardins d&#8217;Alf\u00e0bia, a Bunyola, assenyalant-los com un dels jardins hist\u00f2rics m\u00e9s importants i desconeguts de Mallorca.<\/p>\n","protected":false},"author":1,"featured_media":2802,"comment_status":"open","ping_status":"open","sticky":false,"template":"","format":"standard","meta":{"_et_pb_use_builder":"off","_et_pb_old_content":"","_et_gb_content_width":"","inline_featured_image":false,"footnotes":""},"categories":[1],"tags":[],"class_list":["post-7769","post","type-post","status-publish","format-standard","has-post-thumbnail","hentry","category-sin-categoria"],"_links":{"self":[{"href":"https:\/\/www.jardinesdealfabia.com\/ma\/wp-json\/wp\/v2\/posts\/7769","targetHints":{"allow":["GET"]}}],"collection":[{"href":"https:\/\/www.jardinesdealfabia.com\/ma\/wp-json\/wp\/v2\/posts"}],"about":[{"href":"https:\/\/www.jardinesdealfabia.com\/ma\/wp-json\/wp\/v2\/types\/post"}],"author":[{"embeddable":true,"href":"https:\/\/www.jardinesdealfabia.com\/ma\/wp-json\/wp\/v2\/users\/1"}],"replies":[{"embeddable":true,"href":"https:\/\/www.jardinesdealfabia.com\/ma\/wp-json\/wp\/v2\/comments?post=7769"}],"version-history":[{"count":2,"href":"https:\/\/www.jardinesdealfabia.com\/ma\/wp-json\/wp\/v2\/posts\/7769\/revisions"}],"predecessor-version":[{"id":7777,"href":"https:\/\/www.jardinesdealfabia.com\/ma\/wp-json\/wp\/v2\/posts\/7769\/revisions\/7777"}],"wp:featuredmedia":[{"embeddable":true,"href":"https:\/\/www.jardinesdealfabia.com\/ma\/wp-json\/wp\/v2\/media\/2802"}],"wp:attachment":[{"href":"https:\/\/www.jardinesdealfabia.com\/ma\/wp-json\/wp\/v2\/media?parent=7769"}],"wp:term":[{"taxonomy":"category","embeddable":true,"href":"https:\/\/www.jardinesdealfabia.com\/ma\/wp-json\/wp\/v2\/categories?post=7769"},{"taxonomy":"post_tag","embeddable":true,"href":"https:\/\/www.jardinesdealfabia.com\/ma\/wp-json\/wp\/v2\/tags?post=7769"}],"curies":[{"name":"wp","href":"https:\/\/api.w.org\/{rel}","templated":true}]}}