{"id":7752,"date":"2026-08-26T10:30:23","date_gmt":"2026-08-26T08:30:23","guid":{"rendered":"https:\/\/www.jardinesdealfabia.com\/jardines-de-alfabia-en-mile-magazine\/"},"modified":"2026-08-26T10:35:04","modified_gmt":"2026-08-26T08:35:04","slug":"es-jardins-d-alfabia-protagonistes-a-mile-magazine","status":"publish","type":"post","link":"https:\/\/www.jardinesdealfabia.com\/ma\/es-jardins-d-alfabia-protagonistes-a-mile-magazine\/","title":{"rendered":"Es Jardins d&#8217;Alfabia, protagonistes a MILE Magazine"},"content":{"rendered":"<p>Mos fa una especial il\u00b7lusi\u00f3 compartir sa recent publicaci\u00f3 de <strong>MILE Magazine<\/strong>, que dedica un article als Jardins d&#8217;Alfabia i a sa seva singularitat com a escenari per a casaments i esdeveniments a Mallorca.<\/p>\n<p>Situats als peus de sa <strong>Serra de Tramuntana<\/strong>, declarada Patrimoni Mundial per sa UNESCO, es Jardins d&#8217;Alfabia reuneixen segles d&#8217;hist\u00f2ria, arquitectura i natura en un entorn \u00fanic. Sa casa hist\u00f2rica i es seus jardins, amb influ\u00e8ncies \u00e0rabs, g\u00f2tiques i barroques, creen un espai ple de personalitat i encant per celebrar moments inoblidables.<\/p>\n<p>MILE Magazine destaca precisament aquesta combinaci\u00f3 de <strong>patrimoni, natura i romanticisme<\/strong> que converteix Alfabia en un lloc excepcional per celebrar un casament a Mallorca.<\/p>\n<p>Et convidam a descobrir s&#8217;article complet i con\u00e8ixer m\u00e9s sobre es Jardins d&#8217;Alfabia com un dels escenaris m\u00e9s especials per a casaments i esdeveniments de s&#8217;illa.<\/p>\n<p><a href=\"https:\/\/milemagazine.co\/blogs\/mile-online\/jardines-de-alfabia-a-unesco-wedding-venue-in-mallorca-where-history-meet-nature\" rel=\"noopener\"><strong>Llegir s&#8217;article complet a MILE Magazine \u2192<\/strong><\/a><\/p>\n","protected":false},"excerpt":{"rendered":"<p>Es Jardins d&#8217;Alfabia protagonitzen un article de MILE Magazine que destaca sa seva hist\u00f2ria, natura i singularitat com a espai per a casaments a Mallorca.<\/p>\n","protected":false},"author":1,"featured_media":7059,"comment_status":"open","ping_status":"open","sticky":false,"template":"","format":"standard","meta":{"_et_pb_use_builder":"","_et_pb_old_content":"","_et_gb_content_width":"","inline_featured_image":false,"footnotes":""},"categories":[1],"tags":[],"class_list":["post-7752","post","type-post","status-publish","format-standard","has-post-thumbnail","hentry","category-sin-categoria"],"_links":{"self":[{"href":"https:\/\/www.jardinesdealfabia.com\/ma\/wp-json\/wp\/v2\/posts\/7752","targetHints":{"allow":["GET"]}}],"collection":[{"href":"https:\/\/www.jardinesdealfabia.com\/ma\/wp-json\/wp\/v2\/posts"}],"about":[{"href":"https:\/\/www.jardinesdealfabia.com\/ma\/wp-json\/wp\/v2\/types\/post"}],"author":[{"embeddable":true,"href":"https:\/\/www.jardinesdealfabia.com\/ma\/wp-json\/wp\/v2\/users\/1"}],"replies":[{"embeddable":true,"href":"https:\/\/www.jardinesdealfabia.com\/ma\/wp-json\/wp\/v2\/comments?post=7752"}],"version-history":[{"count":2,"href":"https:\/\/www.jardinesdealfabia.com\/ma\/wp-json\/wp\/v2\/posts\/7752\/revisions"}],"predecessor-version":[{"id":7755,"href":"https:\/\/www.jardinesdealfabia.com\/ma\/wp-json\/wp\/v2\/posts\/7752\/revisions\/7755"}],"wp:featuredmedia":[{"embeddable":true,"href":"https:\/\/www.jardinesdealfabia.com\/ma\/wp-json\/wp\/v2\/media\/7059"}],"wp:attachment":[{"href":"https:\/\/www.jardinesdealfabia.com\/ma\/wp-json\/wp\/v2\/media?parent=7752"}],"wp:term":[{"taxonomy":"category","embeddable":true,"href":"https:\/\/www.jardinesdealfabia.com\/ma\/wp-json\/wp\/v2\/categories?post=7752"},{"taxonomy":"post_tag","embeddable":true,"href":"https:\/\/www.jardinesdealfabia.com\/ma\/wp-json\/wp\/v2\/tags?post=7752"}],"curies":[{"name":"wp","href":"https:\/\/api.w.org\/{rel}","templated":true}]}}