{"id":7767,"date":"2026-07-09T09:59:40","date_gmt":"2026-07-09T07:59:40","guid":{"rendered":"https:\/\/www.jardinesdealfabia.com\/elle-decor-destaca-los-jardines-de-alfabia-como-el-rincon-favorito-de-la-reina-letizia-en-mallorca\/"},"modified":"2026-08-26T10:58:39","modified_gmt":"2026-08-26T08:58:39","slug":"elle-decor-jardins-alfabia-reine-letizia","status":"publish","type":"post","link":"https:\/\/www.jardinesdealfabia.com\/fr\/elle-decor-jardins-alfabia-reine-letizia\/","title":{"rendered":"ELLE Decor met en lumi\u00e8re les Jardins d&rsquo;Alf\u00e0bia comme \u00ab le coin pr\u00e9f\u00e9r\u00e9 de la reine Letizia \u00bb \u00e0 Majorque"},"content":{"rendered":"<p>Le magazine ELLE Decor a consacr\u00e9 un reportage aux Jardins d&rsquo;Alf\u00e0bia, \u00e0 Bunyola, en les d\u00e9signant comme l&rsquo;un des jardins historiques les plus importants et m\u00e9connus de Majorque. La publication met en valeur plus de huit si\u00e8cles d&rsquo;histoire du domaine, son h\u00e9ritage islamique et son extraordinaire richesse botanique, avec des \u00e9l\u00e9ments uniques tels que la pergola aux jeux d&rsquo;eau ou le jardin tropical et son bassin de n\u00e9nuphars.<\/p>\n<p>L&rsquo;article rappelle \u00e9galement le lien historique d&rsquo;Alf\u00e0bia avec la Famille royale : d\u00e8s 1860, la reine Isabelle II a visit\u00e9 le domaine, donnant son nom au c\u00e9l\u00e8bre \u00ab Jardinet de la Reina \u00bb, et au cours de l&rsquo;\u00e9t\u00e9 2023, le roi Philippe VI, la reine Letizia, la princesse Leonor et l&rsquo;infante Sof\u00eda l&rsquo;ont choisi pour leur traditionnelle s\u00e9ance photo estivale durant leurs vacances royales sur l&rsquo;\u00eele.<\/p>\n<p>Une reconnaissance qui nous remplit de fiert\u00e9 et qui confirme les Jardins d&rsquo;Alf\u00e0bia comme l&rsquo;un des grands tr\u00e9sors patrimoniaux et botaniques de Majorque. Vous pouvez lire le reportage complet ici :<\/p>\n<p><em>Consultez l&rsquo;article complet ici :<\/em> <strong><a href=\"https:\/\/www.elledecor.com\/es\/decoracion\/a71832525\/jardines-alfabia-mallorca\/\" target=\"_new\" rel=\"noopener\">Lien vers la publication<\/a><\/strong><\/p>\n","protected":false},"excerpt":{"rendered":"<p>Le magazine ELLE Decor a consacr\u00e9 un reportage aux Jardins d&rsquo;Alf\u00e0bia, \u00e0 Bunyola, en les d\u00e9signant comme l&rsquo;un des jardins historiques les plus importants et m\u00e9connus de Majorque.<\/p>\n","protected":false},"author":1,"featured_media":2679,"comment_status":"open","ping_status":"open","sticky":false,"template":"","format":"standard","meta":{"_et_pb_use_builder":"off","_et_pb_old_content":"","_et_gb_content_width":"","inline_featured_image":false,"footnotes":""},"categories":[12],"tags":[],"class_list":["post-7767","post","type-post","status-publish","format-standard","has-post-thumbnail","hentry","category-non-categorise"],"_links":{"self":[{"href":"https:\/\/www.jardinesdealfabia.com\/fr\/wp-json\/wp\/v2\/posts\/7767","targetHints":{"allow":["GET"]}}],"collection":[{"href":"https:\/\/www.jardinesdealfabia.com\/fr\/wp-json\/wp\/v2\/posts"}],"about":[{"href":"https:\/\/www.jardinesdealfabia.com\/fr\/wp-json\/wp\/v2\/types\/post"}],"author":[{"embeddable":true,"href":"https:\/\/www.jardinesdealfabia.com\/fr\/wp-json\/wp\/v2\/users\/1"}],"replies":[{"embeddable":true,"href":"https:\/\/www.jardinesdealfabia.com\/fr\/wp-json\/wp\/v2\/comments?post=7767"}],"version-history":[{"count":2,"href":"https:\/\/www.jardinesdealfabia.com\/fr\/wp-json\/wp\/v2\/posts\/7767\/revisions"}],"predecessor-version":[{"id":7779,"href":"https:\/\/www.jardinesdealfabia.com\/fr\/wp-json\/wp\/v2\/posts\/7767\/revisions\/7779"}],"wp:featuredmedia":[{"embeddable":true,"href":"https:\/\/www.jardinesdealfabia.com\/fr\/wp-json\/wp\/v2\/media\/2679"}],"wp:attachment":[{"href":"https:\/\/www.jardinesdealfabia.com\/fr\/wp-json\/wp\/v2\/media?parent=7767"}],"wp:term":[{"taxonomy":"category","embeddable":true,"href":"https:\/\/www.jardinesdealfabia.com\/fr\/wp-json\/wp\/v2\/categories?post=7767"},{"taxonomy":"post_tag","embeddable":true,"href":"https:\/\/www.jardinesdealfabia.com\/fr\/wp-json\/wp\/v2\/tags?post=7767"}],"curies":[{"name":"wp","href":"https:\/\/api.w.org\/{rel}","templated":true}]}}