{"id":7748,"date":"2026-08-26T10:30:23","date_gmt":"2026-08-26T08:30:23","guid":{"rendered":"https:\/\/www.jardinesdealfabia.com\/jardines-de-alfabia-en-mile-magazine\/"},"modified":"2026-08-26T10:40:33","modified_gmt":"2026-08-26T08:40:33","slug":"les-jardins-dalfabia-dans-mile-magazine","status":"publish","type":"post","link":"https:\/\/www.jardinesdealfabia.com\/fr\/les-jardins-dalfabia-dans-mile-magazine\/","title":{"rendered":"Les Jardins d&rsquo;Alfabia \u00e0 l&rsquo;honneur dans MILE Magazine"},"content":{"rendered":"<p>Nous sommes particuli\u00e8rement ravis de partager la r\u00e9cente publication de <strong>MILE Magazine<\/strong>, qui consacre un article aux Jardins d&rsquo;Alfabia et \u00e0 leur caract\u00e8re unique en tant que cadre pour des mariages et \u00e9v\u00e9nements \u00e0 Majorque.<\/p>\n<p>Situ\u00e9s au pied de la <strong>Serra de Tramuntana<\/strong>, class\u00e9e au patrimoine mondial de l&rsquo;UNESCO, les Jardins d&rsquo;Alfabia r\u00e9unissent des si\u00e8cles d&rsquo;histoire, d&rsquo;architecture et de nature dans un environnement d&rsquo;exception. La demeure historique et ses jardins, aux influences arabes, gothiques et baroques, cr\u00e9ent un espace empreint de personnalit\u00e9 et de charme pour c\u00e9l\u00e9brer des moments inoubliables.<\/p>\n<p>MILE Magazine souligne pr\u00e9cis\u00e9ment cette combinaison de <strong>patrimoine, nature et romantisme<\/strong> qui fait d&rsquo;Alfabia un lieu exceptionnel pour c\u00e9l\u00e9brer un mariage \u00e0 Majorque.<\/p>\n<p>Nous vous invitons \u00e0 d\u00e9couvrir l&rsquo;article complet et \u00e0 en savoir plus sur les Jardins d&rsquo;Alfabia, l&rsquo;un des cadres les plus remarquables de l&rsquo;\u00eele pour l&rsquo;organisation de mariages et d&rsquo;\u00e9v\u00e9nements.<\/p>\n<p><a href=\"https:\/\/milemagazine.co\/blogs\/mile-online\/jardines-de-alfabia-a-unesco-wedding-venue-in-mallorca-where-history-meet-nature\" rel=\"noopener\"><strong>Lire l&rsquo;article complet dans MILE Magazine \u2192<\/strong><\/a><\/p>\n","protected":false},"excerpt":{"rendered":"<p>Les Jardins d&rsquo;Alfabia sont \u00e0 l&rsquo;honneur dans un article de MILE Magazine qui met en lumi\u00e8re leur histoire, leur cadre naturel et leur caract\u00e8re unique en tant que lieu de mariage \u00e0 Majorque.<\/p>\n","protected":false},"author":1,"featured_media":7749,"comment_status":"open","ping_status":"open","sticky":false,"template":"","format":"standard","meta":{"_et_pb_use_builder":"","_et_pb_old_content":"","_et_gb_content_width":"","inline_featured_image":false,"footnotes":""},"categories":[12],"tags":[],"class_list":["post-7748","post","type-post","status-publish","format-standard","has-post-thumbnail","hentry","category-non-categorise"],"_links":{"self":[{"href":"https:\/\/www.jardinesdealfabia.com\/fr\/wp-json\/wp\/v2\/posts\/7748","targetHints":{"allow":["GET"]}}],"collection":[{"href":"https:\/\/www.jardinesdealfabia.com\/fr\/wp-json\/wp\/v2\/posts"}],"about":[{"href":"https:\/\/www.jardinesdealfabia.com\/fr\/wp-json\/wp\/v2\/types\/post"}],"author":[{"embeddable":true,"href":"https:\/\/www.jardinesdealfabia.com\/fr\/wp-json\/wp\/v2\/users\/1"}],"replies":[{"embeddable":true,"href":"https:\/\/www.jardinesdealfabia.com\/fr\/wp-json\/wp\/v2\/comments?post=7748"}],"version-history":[{"count":2,"href":"https:\/\/www.jardinesdealfabia.com\/fr\/wp-json\/wp\/v2\/posts\/7748\/revisions"}],"predecessor-version":[{"id":7759,"href":"https:\/\/www.jardinesdealfabia.com\/fr\/wp-json\/wp\/v2\/posts\/7748\/revisions\/7759"}],"wp:featuredmedia":[{"embeddable":true,"href":"https:\/\/www.jardinesdealfabia.com\/fr\/wp-json\/wp\/v2\/media\/7749"}],"wp:attachment":[{"href":"https:\/\/www.jardinesdealfabia.com\/fr\/wp-json\/wp\/v2\/media?parent=7748"}],"wp:term":[{"taxonomy":"category","embeddable":true,"href":"https:\/\/www.jardinesdealfabia.com\/fr\/wp-json\/wp\/v2\/categories?post=7748"},{"taxonomy":"post_tag","embeddable":true,"href":"https:\/\/www.jardinesdealfabia.com\/fr\/wp-json\/wp\/v2\/tags?post=7748"}],"curies":[{"name":"wp","href":"https:\/\/api.w.org\/{rel}","templated":true}]}}