{"id":7768,"date":"2026-07-09T09:59:40","date_gmt":"2026-07-09T07:59:40","guid":{"rendered":"https:\/\/www.jardinesdealfabia.com\/elle-decor-destaca-los-jardines-de-alfabia-como-el-rincon-favorito-de-la-reina-letizia-en-mallorca\/"},"modified":"2026-08-26T10:59:50","modified_gmt":"2026-08-26T08:59:50","slug":"elle-decor-jardines-alfabia-koenigin-letizia","status":"publish","type":"post","link":"https:\/\/www.jardinesdealfabia.com\/de\/elle-decor-jardines-alfabia-koenigin-letizia\/","title":{"rendered":"ELLE Decor hebt die Jardines de Alf\u00e0bia als \u201eLieblingsort von K\u00f6nigin Letizia\u201c auf Mallorca hervor"},"content":{"rendered":"<p>Das Magazin ELLE Decor widmet den Jardines de Alf\u00e0bia in Bunyola eine Reportage und bezeichnet sie als einen der bedeutendsten und zugleich unentdecktesten historischen G\u00e4rten Mallorcas. Der Beitrag w\u00fcrdigt die mehr als acht Jahrhunderte umspannende Geschichte des Landguts, sein islamisches Erbe sowie seinen au\u00dfergew\u00f6hnlichen botanischen Reichtum mit einzigartigen Elementen wie der Pergola mit ihren Wasserspielen oder dem tropischen Garten samt Seerosenteich.<\/p>\n<p>Zudem erinnert der Artikel an die historische Verbindung Alf\u00e0bias mit dem spanischen K\u00f6nigshaus: Bereits 1860 besuchte K\u00f6nigin Isabel II. das Anwesen, was dem bekannten \u201eJardinet de la Reina\u201c seinen Namen gab. Im Sommer 2023 w\u00e4hlten K\u00f6nig Felipe VI., K\u00f6nigin Letizia, Prinzessin Leonor und Infantin Sof\u00eda das Landgut als Kulisse f\u00fcr ihr traditionelles Sommer-Fotoshooting w\u00e4hrend des k\u00f6niglichen Urlaubs auf der Insel.<\/p>\n<p>Eine Auszeichnung, die uns mit gro\u00dfem Stolz erf\u00fcllt und die Jardines de Alf\u00e0bia einmal mehr als eines der bedeutendsten kulturellen und botanischen Juwelen Mallorcas best\u00e4tigt. Den vollst\u00e4ndigen Bericht kannst du hier lesen:<\/p>\n<p><em>Lies den vollst\u00e4ndigen Artikel hier:<\/em> <strong><em><a href=\"https:\/\/www.elledecor.com\/es\/decoracion\/a71832525\/jardines-alfabia-mallorca\/\" target=\"_new\" rel=\"noopener\">Zum Ver\u00f6ffentlichungsbeitrag<\/a><\/em><\/strong><\/p>\n","protected":false},"excerpt":{"rendered":"<p>Das Magazin ELLE Decor widmet den Jardines de Alf\u00e0bia in Bunyola eine Reportage und bezeichnet sie als einen der bedeutendsten und unentdecktesten historischen G\u00e4rten Mallorcas.<\/p>\n","protected":false},"author":1,"featured_media":2680,"comment_status":"open","ping_status":"open","sticky":false,"template":"","format":"standard","meta":{"_et_pb_use_builder":"off","_et_pb_old_content":"","_et_gb_content_width":"","inline_featured_image":false,"footnotes":""},"categories":[11],"tags":[],"class_list":["post-7768","post","type-post","status-publish","format-standard","has-post-thumbnail","hentry","category-nicht-kategorisiert"],"_links":{"self":[{"href":"https:\/\/www.jardinesdealfabia.com\/de\/wp-json\/wp\/v2\/posts\/7768","targetHints":{"allow":["GET"]}}],"collection":[{"href":"https:\/\/www.jardinesdealfabia.com\/de\/wp-json\/wp\/v2\/posts"}],"about":[{"href":"https:\/\/www.jardinesdealfabia.com\/de\/wp-json\/wp\/v2\/types\/post"}],"author":[{"embeddable":true,"href":"https:\/\/www.jardinesdealfabia.com\/de\/wp-json\/wp\/v2\/users\/1"}],"replies":[{"embeddable":true,"href":"https:\/\/www.jardinesdealfabia.com\/de\/wp-json\/wp\/v2\/comments?post=7768"}],"version-history":[{"count":2,"href":"https:\/\/www.jardinesdealfabia.com\/de\/wp-json\/wp\/v2\/posts\/7768\/revisions"}],"predecessor-version":[{"id":7780,"href":"https:\/\/www.jardinesdealfabia.com\/de\/wp-json\/wp\/v2\/posts\/7768\/revisions\/7780"}],"wp:featuredmedia":[{"embeddable":true,"href":"https:\/\/www.jardinesdealfabia.com\/de\/wp-json\/wp\/v2\/media\/2680"}],"wp:attachment":[{"href":"https:\/\/www.jardinesdealfabia.com\/de\/wp-json\/wp\/v2\/media?parent=7768"}],"wp:term":[{"taxonomy":"category","embeddable":true,"href":"https:\/\/www.jardinesdealfabia.com\/de\/wp-json\/wp\/v2\/categories?post=7768"},{"taxonomy":"post_tag","embeddable":true,"href":"https:\/\/www.jardinesdealfabia.com\/de\/wp-json\/wp\/v2\/tags?post=7768"}],"curies":[{"name":"wp","href":"https:\/\/api.w.org\/{rel}","templated":true}]}}