{"id":7750,"date":"2026-08-26T10:30:23","date_gmt":"2026-08-26T08:30:23","guid":{"rendered":"https:\/\/www.jardinesdealfabia.com\/jardines-de-alfabia-en-mile-magazine\/"},"modified":"2026-08-26T10:43:06","modified_gmt":"2026-08-26T08:43:06","slug":"jardines-de-alfabia-im-mile-magazine","status":"publish","type":"post","link":"https:\/\/www.jardinesdealfabia.com\/de\/jardines-de-alfabia-im-mile-magazine\/","title":{"rendered":"Jardines de Alfabia im Fokus des MILE Magazine"},"content":{"rendered":"<p>Wir freuen uns ganz besonders, den neuesten Beitrag des <strong>MILE Magazine<\/strong> zu teilen, das den Jardines de Alfabia und ihrer Einzigartigkeit als Kulisse f\u00fcr Hochzeiten und Events auf Mallorca einen eigenen Artikel widmet.<\/p>\n<p>Am Fu\u00dfe der von der UNESCO zum Welterbe erkl\u00e4rten <strong>Serra de Tramuntana<\/strong> gelegen, vereinen die Jardines de Alfabia jahrhundertealte Geschichte, Architektur und Natur in einer einmaligen Umgebung. Das historische Herrenhaus und seine G\u00e4rten mit arabischen, gotischen und barocken Einfl\u00fcssen schaffen einen charaktervollen und bezaubernden Rahmen f\u00fcr unvergessliche Momente.<\/p>\n<p>Das MILE Magazine hebt genau diese Kombination aus <strong>Kulturerbe, Natur und Romantik<\/strong> hervor, die Alfabia zu einer au\u00dfergew\u00f6hnlichen Location f\u00fcr eine Hochzeit auf Mallorca macht.<\/p>\n<p>Wir laden dich ein, den vollst\u00e4ndigen Artikel zu entdecken und mehr \u00fcber die Jardines de Alfabia als eine der beeindruckendsten Event- und Hochzeitslocations der Insel zu erfahren.<\/p>\n<p><a href=\"https:\/\/milemagazine.co\/blogs\/mile-online\/jardines-de-alfabia-a-unesco-wedding-venue-in-mallorca-where-history-meet-nature\" rel=\"noopener\"><strong>Den vollst\u00e4ndigen Artikel im MILE Magazine lesen \u2192<\/strong><\/a><\/p>\n","protected":false},"excerpt":{"rendered":"<p>Ein Artikel im MILE Magazine r\u00fcckt die Jardines de Alfabia in den Mittelpunkt und hebt ihre Geschichte, Natur sowie ihre Einzigartigkeit als Hochzeitslocation auf Mallorca hervor.<\/p>\n","protected":false},"author":1,"featured_media":7751,"comment_status":"open","ping_status":"open","sticky":false,"template":"","format":"standard","meta":{"_et_pb_use_builder":"","_et_pb_old_content":"","_et_gb_content_width":"","inline_featured_image":false,"footnotes":""},"categories":[11],"tags":[],"class_list":["post-7750","post","type-post","status-publish","format-standard","has-post-thumbnail","hentry","category-nicht-kategorisiert"],"_links":{"self":[{"href":"https:\/\/www.jardinesdealfabia.com\/de\/wp-json\/wp\/v2\/posts\/7750","targetHints":{"allow":["GET"]}}],"collection":[{"href":"https:\/\/www.jardinesdealfabia.com\/de\/wp-json\/wp\/v2\/posts"}],"about":[{"href":"https:\/\/www.jardinesdealfabia.com\/de\/wp-json\/wp\/v2\/types\/post"}],"author":[{"embeddable":true,"href":"https:\/\/www.jardinesdealfabia.com\/de\/wp-json\/wp\/v2\/users\/1"}],"replies":[{"embeddable":true,"href":"https:\/\/www.jardinesdealfabia.com\/de\/wp-json\/wp\/v2\/comments?post=7750"}],"version-history":[{"count":3,"href":"https:\/\/www.jardinesdealfabia.com\/de\/wp-json\/wp\/v2\/posts\/7750\/revisions"}],"predecessor-version":[{"id":7762,"href":"https:\/\/www.jardinesdealfabia.com\/de\/wp-json\/wp\/v2\/posts\/7750\/revisions\/7762"}],"wp:featuredmedia":[{"embeddable":true,"href":"https:\/\/www.jardinesdealfabia.com\/de\/wp-json\/wp\/v2\/media\/7751"}],"wp:attachment":[{"href":"https:\/\/www.jardinesdealfabia.com\/de\/wp-json\/wp\/v2\/media?parent=7750"}],"wp:term":[{"taxonomy":"category","embeddable":true,"href":"https:\/\/www.jardinesdealfabia.com\/de\/wp-json\/wp\/v2\/categories?post=7750"},{"taxonomy":"post_tag","embeddable":true,"href":"https:\/\/www.jardinesdealfabia.com\/de\/wp-json\/wp\/v2\/tags?post=7750"}],"curies":[{"name":"wp","href":"https:\/\/api.w.org\/{rel}","templated":true}]}}